{"id":578,"date":"2019-02-21T18:17:48","date_gmt":"2019-02-21T17:17:48","guid":{"rendered":"http:\/\/www.ccrb63.fr\/wp\/?p=578"},"modified":"2019-02-28T16:05:16","modified_gmt":"2019-02-28T15:05:16","slug":"invitations-du-cyclo-club-de-roubaix","status":"publish","type":"post","link":"https:\/\/www.ccrb63.fr\/wp\/?p=578","title":{"rendered":"Invitations du Cyclo-Club de Roubaix"},"content":{"rendered":"<p class=\"null\"><span style=\"font-family: comic sans ms, marker felt-thin, arial, sans-serif; font-size: 12pt;\">Le v\u00e9lo Club de Roubaix\u00a0Cyclotourisme a<\/span><span style=\"font-family: comic sans ms, marker felt-thin, arial, sans-serif; font-size: 12pt;\"> le plaisir de vous pr\u00e9senter ses organisations 2019.<\/span><\/p>\n<p class=\"null\"><span style=\"font-size: 12pt;\"><u>&#8211; La Nuit des Pav\u00e9s, Randonn\u00e9e nocturne Vtt, <span style=\"color: #ff0000;\">Vendredi 12 Avril 2019<\/span>. <\/u><\/span><br \/>\n<span style=\"font-size: 12pt;\">2 jours avant le passage des\u00a0pros, venez explorer les pav\u00e9s \u00e0 la frontale.\u00a0Sensations uniques 20-40km<\/span><br \/>\n<span style=\"font-size: 12pt;\"><a href=\"https:\/\/jalbum.us15.list-manage.com\/track\/click?u=9ed5451fd254efda97183bfe7&amp;id=43936daea3&amp;e=fe1456d01d\">Toutes les informations ici :<\/a><\/span><\/p>\n<p><span style=\"font-size: 12pt;\"><u>&#8211; <\/u><u>Raid Paris-Roubaix Vtt<\/u> , le <span style=\"color: #ff0000;\">Dimanche 5 mai 2019<\/span> : <\/span><span style=\"font-size: 12pt;\">Vivez le Paris-Roubaix autrement, en venant explorer les pav\u00e9s de campagne. 125-60 km<\/span><br \/>\n<span style=\"font-size: 12pt;\"><a href=\"https:\/\/jalbum.us15.list-manage.com\/track\/click?u=9ed5451fd254efda97183bfe7&amp;id=7d799ac8bc&amp;e=fe1456d01d\">Toutes les informations ici :<\/a><\/span><br \/>\n<span style=\"font-size: 12pt;\"><a href=\"https:\/\/jalbum.us15.list-manage.com\/track\/click?u=9ed5451fd254efda97183bfe7&amp;id=25c6955323&amp;e=fe1456d01d\">Inscriptions en ligne ici :<\/a><\/span><br \/>\n<span style=\"font-size: 12pt;\">&#8211; Monts et Moulins, le <span style=\"color: #ff0000;\">Dimanche 29 Septembre 2019\u00a0<\/span><\/span><\/p>\n<p>&nbsp;<\/p>\n","protected":false},"excerpt":{"rendered":"<p>Le v\u00e9lo Club de Roubaix\u00a0Cyclotourisme a le plaisir de vous pr\u00e9senter ses organisations 2019. &#8211; La Nuit des Pav\u00e9s, Randonn\u00e9e nocturne Vtt, Vendredi 12 Avril 2019. 2 jours avant le passage des\u00a0pros, venez explorer les pav\u00e9s \u00e0 la frontale.\u00a0Sensations uniques 20-40km Toutes les informations ici : &#8211; Raid Paris-Roubaix Vtt , le Dimanche 5 mai [&hellip;]<\/p>\n","protected":false},"author":2,"featured_media":0,"comment_status":"open","ping_status":"open","sticky":false,"template":"","format":"standard","meta":{"saved_in_kubio":false,"ngg_post_thumbnail":0,"footnotes":""},"categories":[7,8,10],"tags":[],"class_list":["post-578","post","type-post","status-publish","format-standard","hentry","category-202-vtt","category-203-cyclo","category-204-invitations"],"_links":{"self":[{"href":"https:\/\/www.ccrb63.fr\/wp\/index.php?rest_route=\/wp\/v2\/posts\/578","targetHints":{"allow":["GET"]}}],"collection":[{"href":"https:\/\/www.ccrb63.fr\/wp\/index.php?rest_route=\/wp\/v2\/posts"}],"about":[{"href":"https:\/\/www.ccrb63.fr\/wp\/index.php?rest_route=\/wp\/v2\/types\/post"}],"author":[{"embeddable":true,"href":"https:\/\/www.ccrb63.fr\/wp\/index.php?rest_route=\/wp\/v2\/users\/2"}],"replies":[{"embeddable":true,"href":"https:\/\/www.ccrb63.fr\/wp\/index.php?rest_route=%2Fwp%2Fv2%2Fcomments&post=578"}],"version-history":[{"count":2,"href":"https:\/\/www.ccrb63.fr\/wp\/index.php?rest_route=\/wp\/v2\/posts\/578\/revisions"}],"predecessor-version":[{"id":582,"href":"https:\/\/www.ccrb63.fr\/wp\/index.php?rest_route=\/wp\/v2\/posts\/578\/revisions\/582"}],"wp:attachment":[{"href":"https:\/\/www.ccrb63.fr\/wp\/index.php?rest_route=%2Fwp%2Fv2%2Fmedia&parent=578"}],"wp:term":[{"taxonomy":"category","embeddable":true,"href":"https:\/\/www.ccrb63.fr\/wp\/index.php?rest_route=%2Fwp%2Fv2%2Fcategories&post=578"},{"taxonomy":"post_tag","embeddable":true,"href":"https:\/\/www.ccrb63.fr\/wp\/index.php?rest_route=%2Fwp%2Fv2%2Ftags&post=578"}],"curies":[{"name":"wp","href":"https:\/\/api.w.org\/{rel}","templated":true}]}}