{"id":57,"date":"2017-06-23T15:00:57","date_gmt":"2017-06-23T13:00:57","guid":{"rendered":"http:\/\/www.ccrb63.fr\/wp\/?p=57"},"modified":"2018-04-25T18:19:24","modified_gmt":"2018-04-25T16:19:24","slug":"la-gergovienne-18-juin","status":"publish","type":"post","link":"https:\/\/www.ccrb63.fr\/wp\/?p=57","title":{"rendered":"La Gergovienne : \u00e9dition 2017"},"content":{"rendered":"<h3>Publi\u00e9 <strong>le<\/strong> 23 juin &#8211; Bilan et Photos<\/h3>\n<p>Les dieux gaulois avaient demand\u00e9 \u00e0 Taranis de laisser le ciel en paix et c&rsquo;est dans une ambiance parfaite, peut-\u00eatre un peu chaude, que <strong>La Gergovienne<\/strong> s&rsquo;est d\u00e9roul\u00e9e ce dimanche 18 juin. 153 cyclos et 129 VTTistes ont parcouru les routes et les chemins au d\u00e9part de La Roche-Blanche. Retrouvez <a href=\"http:\/\/www.ccrb63.fr\/ccrb4-wp\/2017\/Bilan%20participation%202017.pdf\" target=\"_blank\" rel=\"noopener noreferrer\">ICI<\/a> le bilan des participations. Merci \u00e0 toutes et \u00e0 tous, \u00e0 chacune et \u00e0 chacun pour votre participation&#8230; et rendez-vous \u00e0 l&rsquo;ann\u00e9e prochaine.<\/p>\n<p>Compte rendu du journal La Montagne <a href=\"http:\/\/www.ccrb63.fr\/ccrb4-wp\/2017\/20170617_La%20Montagne.pdf\" target=\"_blank\" rel=\"noopener noreferrer\">ICI<\/a>.<\/p>\n<p>Au hasard de votre parcours, le photographe vous a peut-\u00eatre crois\u00e9. Les photos sont disponibles <a href=\"http:\/\/www.ccrb63.fr\/Coppermine\/displayimage.php?album=23&amp;pid=868#top_display_media\" target=\"_blank\" rel=\"noopener noreferrer\">ICI<\/a>.<\/p>\n<p style=\"text-align: center;\"><strong>Aide \u00e0 la lecture des images<\/strong><\/p>\n<ul>\n<li><em>Clic gauche sur l&rsquo;image pour ouvrir une fen\u00eatre de visualisation grand format.<\/em><\/li>\n<li><em>Clic droit sur cette fen\u00eatre pour g\u00e9rer le fichier, en particulier \u00ab\u00a0enregistrer l&rsquo;image sous&#8230;\u00a0\u00bb<\/em><\/li>\n<\/ul>\n<p>\u00a9 : usage libre des images pour usage personnel uniquement.<\/p>\n<h3><strong>Publi\u00e9 le 17 juin &#8211; derni\u00e8res informations<\/strong><\/h3>\n<ul>\n<li>Il fera beau chaud le dimanche 18 juin.<\/li>\n<li>Circuits mis \u00e0 jour : <a href=\"http:\/\/www.ccrb63.fr\/ccrb4-wp\/2017\/2017_circuits-Gergovienne.pdf\" target=\"_blank\" rel=\"noopener noreferrer\">lien<\/a>.<\/li>\n<li>Piste VTT \u00ab\u00a0Suppl\u00e9ment Rouge\u00a0\u00bb : la travers\u00e9e d&rsquo;un espace de protection du Circa\u00e8te Jean-le-Blanc impose une zone de silence \u00e0 parcourir sans arr\u00eat (balisage).<\/li>\n<li>Tr\u00e8s l\u00e9g\u00e8re modification \u00e0 3,8 km du d\u00e9part sur la piste VTT bleu en\u00a0 raison d&rsquo;un chemin indisponible, passage de 51,88 km \u00e0 52, 17 km.<\/li>\n<li>D\u00e9placement du ravitaillement VTT pr\u00e9vu \u00e0 Chanonat \u00e0 proximit\u00e9 de Opme.<\/li>\n<li>Dans son \u00e9dition du 4 juin, le journal \u00ab\u00a0La Montagne\u00a0\u00bb a indiqu\u00e9 la date du <strong>samedi<\/strong> 18 juin\u00a0: il faut comprendre\u00a0: <strong>dimanche 18 juin<\/strong>.<\/li>\n<\/ul>\n<h3><strong>Publi\u00e9 le 7 mai<\/strong><\/h3>\n<p>La prochaine \u00e9dition de \u00ab\u00a0La Gergovienne\u00a0\u00bb (<a href=\"http:\/\/www.ccrb63.fr\/ccrb4-wp\/2017\/2017_Affiche.pdf\" target=\"_blank\" rel=\"noopener noreferrer\">voir l&rsquo;affiche<\/a>) aura lieu le <strong>18 juin prochain<\/strong>.Vous trouverez sur <a href=\"http:\/\/www.ccrb63.fr\/ccrb4-wp\/2017\/2017_circuits-Gergovienne.pdf\" target=\"_blank\" rel=\"noopener noreferrer\">ce lien<\/a> tous les renseignements utiles sur\u00a0:<\/p>\n<ul>\n<li>le lieu de rendez-vous (Maison des Loisirs et du Tourisme &#8211; MLT &#8211; 37 avenue de la R\u00e9publique) ;<\/li>\n<li>les circuits VTT et cyclotourisme avec leur description d\u00e9taill\u00e9e chargeable sous <a href=\"http:\/\/www.openrunner.com\/\" target=\"_blank\" rel=\"noopener noreferrer\">OpenRunner <\/a>depuis le lien.<\/li>\n<\/ul>\n<p>Nous esp\u00e9rons vous recevoir toujours plus nombreux. N&rsquo;h\u00e9sitez pas \u00e0 poster vos commentaires ou \u00e0 demander tout renseignement \u00e0 <a href=\"mailto:contact@ccrb63.fr\">contact@ccrb63.fr<\/a>.<\/p>\n<p>D&rsquo;ici l\u00e0, retrouver les <a href=\"http:\/\/www.ccrb63.fr\/ccrb4\/public\/main_public.php\" target=\"_blank\" rel=\"noopener noreferrer\">photos <\/a>des derni\u00e8res \u00e9ditions.<\/p>\n","protected":false},"excerpt":{"rendered":"<p>Publi\u00e9 le 23 juin &#8211; Bilan et Photos Les dieux gaulois avaient demand\u00e9 \u00e0 Taranis de laisser le ciel en paix et c&rsquo;est dans une ambiance parfaite, peut-\u00eatre un peu chaude, que La Gergovienne s&rsquo;est d\u00e9roul\u00e9e ce dimanche 18 juin. 153 cyclos et 129 VTTistes ont parcouru les routes et les chemins au d\u00e9part de [&hellip;]<\/p>\n","protected":false},"author":2,"featured_media":0,"comment_status":"open","ping_status":"open","sticky":false,"template":"","format":"standard","meta":{"saved_in_kubio":false,"ngg_post_thumbnail":0,"footnotes":""},"categories":[5],"tags":[15,17],"class_list":["post-57","post","type-post","status-publish","format-standard","hentry","category-201-gergovienne","tag-gergovienne","tag-rallye"],"_links":{"self":[{"href":"https:\/\/www.ccrb63.fr\/wp\/index.php?rest_route=\/wp\/v2\/posts\/57","targetHints":{"allow":["GET"]}}],"collection":[{"href":"https:\/\/www.ccrb63.fr\/wp\/index.php?rest_route=\/wp\/v2\/posts"}],"about":[{"href":"https:\/\/www.ccrb63.fr\/wp\/index.php?rest_route=\/wp\/v2\/types\/post"}],"author":[{"embeddable":true,"href":"https:\/\/www.ccrb63.fr\/wp\/index.php?rest_route=\/wp\/v2\/users\/2"}],"replies":[{"embeddable":true,"href":"https:\/\/www.ccrb63.fr\/wp\/index.php?rest_route=%2Fwp%2Fv2%2Fcomments&post=57"}],"version-history":[{"count":16,"href":"https:\/\/www.ccrb63.fr\/wp\/index.php?rest_route=\/wp\/v2\/posts\/57\/revisions"}],"predecessor-version":[{"id":466,"href":"https:\/\/www.ccrb63.fr\/wp\/index.php?rest_route=\/wp\/v2\/posts\/57\/revisions\/466"}],"wp:attachment":[{"href":"https:\/\/www.ccrb63.fr\/wp\/index.php?rest_route=%2Fwp%2Fv2%2Fmedia&parent=57"}],"wp:term":[{"taxonomy":"category","embeddable":true,"href":"https:\/\/www.ccrb63.fr\/wp\/index.php?rest_route=%2Fwp%2Fv2%2Fcategories&post=57"},{"taxonomy":"post_tag","embeddable":true,"href":"https:\/\/www.ccrb63.fr\/wp\/index.php?rest_route=%2Fwp%2Fv2%2Ftags&post=57"}],"curies":[{"name":"wp","href":"https:\/\/api.w.org\/{rel}","templated":true}]}}