{"id":359,"date":"2018-10-18T09:00:04","date_gmt":"2018-10-18T07:00:04","guid":{"rendered":"http:\/\/www.ccrb63.fr\/wp\/?p=359"},"modified":"2019-03-13T16:27:59","modified_gmt":"2019-03-13T15:27:59","slug":"invitations-2018","status":"publish","type":"post","link":"https:\/\/www.ccrb63.fr\/wp\/?p=359","title":{"rendered":"Invitations 2018"},"content":{"rendered":"<h3>A venir<\/h3>\n<h3>Archive<\/h3>\n<p>28 octobre &#8211;<a href=\"http:\/\/www.ccrb63.fr\/ccrb4-wp\/2018\/20181028_T%C3%A9l%C3%A9thon-CMV.pdf\" target=\"_blank\" rel=\"noopener noreferrer\"> invitation T\u00e9l\u00e9thon du CMV<\/a><\/p>\n<p>29 septembre &#8211;<a href=\"http:\/\/www.ccrb63.fr\/ccrb4-wp\/2018\/20180929_telethon.pdf\" target=\"_blank\" rel=\"noopener noreferrer\"> t\u00e9l\u00e9thon <\/a><\/p>\n<p>5 ao\u00fbt &#8211;\u00a0<a href=\"http:\/\/www.ccrb63.fr\/ccrb4-wp\/2018\/D%C3%A9pliant%20V%C3%A9lotoise%202018.pdf\" target=\"_blank\" rel=\"noopener noreferrer\">V\u00e9lotoise Figeac<\/a><\/p>\n<p>12 ao\u00fbt &#8211; <a href=\"http:\/\/www.ccrb63.fr\/ccrb4-wp\/2018\/20180812_StFlour.jpg\" target=\"_blank\" rel=\"noopener noreferrer\">Journ\u00e9e Sanfloraine <\/a>voir :<a href=\"http:\/\/www.etape-sanfloraine.fr\" target=\"_blank\" rel=\"noopener noreferrer\"> www.etape-sanfloraine.fr<\/a><\/p>\n<p>20-23 juin &#8211; l&rsquo;<a href=\"http:\/\/www.ardechoise.com\/L-evenement\/Presentation\">Ard\u00e9choise<\/a>.<\/p>\n<table>\n<tbody>\n<tr>\n<td><span style=\"color: #993300;\"><strong>17 juin &#8211; CCRB La Roche-Blanche : <a style=\"color: #993300;\" href=\"http:\/\/www.ccrb63.fr\/wp\/?p=341\" target=\"_blank\" rel=\"noopener noreferrer\">La Gergovienne<\/a>.<\/strong><\/span><\/td>\n<\/tr>\n<\/tbody>\n<\/table>\n<p>10 juin &#8211;<a href=\"http:\/\/www.velo101.com\/epreuves\/paris_roubaix_cyclotourisme_2018\" target=\"_blank\" rel=\"noopener noreferrer\"> Paris &#8211; Roubaix<\/a> Cyclotourisme.<\/p>\n<p>3 juin &#8211; randonn\u00e9e du Cyclo Loisirs C\u00f4tellois (Pouill\u00e9 les C\u00f4teaux).<\/p>\n<p>2 juin &#8211; <a href=\"http:\/\/lalimousinecyclo.com\/\">La Limousine<\/a> Andr\u00e9 Dufraisse.<\/p>\n<p>20 mai &#8211; La <a href=\"http:\/\/www.ccrb63.fr\/ccrb4-wp\/2018\/20180520_Meridienne18.pdf\">M\u00e9ridienne<\/a> :\u00a0 Brioude &#8211; Issoire &#8211; Saint-Flour.<\/p>\n<p>29 avril &#8211; La <a href=\"http:\/\/www.ccrb63.fr\/ccrb4-wp\/2018\/20180429_Affiche%20La%20Cournonnaise.pdf\" target=\"_blank\" rel=\"noopener noreferrer\">Cournonnaise<\/a> \u00e0 Cournon.<\/p>\n<p>22 avril &#8211; La <a href=\"http:\/\/www.ccrb63.fr\/ccrb4-wp\/2018\/20180422_Mozacoise.pdf\" target=\"_blank\" rel=\"noopener noreferrer\">Mozacoise<\/a> \u00e0 Mozac.<\/p>\n<p>18 avril &#8211; Les <a href=\"http:\/\/www.ccrb63.fr\/ccrb4-wp\/2018\/20180408_Mousquetaire.pdf\" target=\"_blank\" rel=\"noopener noreferrer\">Mousquetaires<\/a> \u00e0 Montferrand.<\/p>\n<p>17 avril &#8211; La<a href=\"http:\/\/www.ccrb63.fr\/ccrb4-wp\/2018\/20180407_Blanzat.pdf\" target=\"_blank\" rel=\"noopener noreferrer\"> Blanzatoise<\/a> \u00e0 Blanzat.<\/p>\n<p>17 avril &#8211; <a href=\"http:\/\/www.ccrb63.fr\/ccrb4-wp\/2018\/20180407_Aigueperse.pdf\" target=\"_blank\" rel=\"noopener noreferrer\">course cycliste<\/a> UFOLEP \u00e0 Aigueperse.<\/p>\n<p>25 mars &#8211; V\u00e9lo-Club Castelpontin : <a href=\"http:\/\/www.ccrb63.fr\/ccrb4-wp\/2018\/20180325_Seychalles.pdf\" target=\"_blank\" rel=\"noopener noreferrer\">concentration \u00e0 Seychalles.<\/a><\/p>\n<p>11 mars &#8211; Cyclo-Club Cournon : <a href=\"http:\/\/www.ccrb63.fr\/ccrb4-wp\/2018\/Affiche%20Primavera-1.pdf\" target=\"_blank\" rel=\"noopener noreferrer\">concentration la primavera<\/a>.<\/p>\n","protected":false},"excerpt":{"rendered":"<p>A venir Archive 28 octobre &#8211; invitation T\u00e9l\u00e9thon du CMV 29 septembre &#8211; t\u00e9l\u00e9thon 5 ao\u00fbt &#8211;\u00a0V\u00e9lotoise Figeac 12 ao\u00fbt &#8211; Journ\u00e9e Sanfloraine voir : www.etape-sanfloraine.fr 20-23 juin &#8211; l&rsquo;Ard\u00e9choise. 17 juin &#8211; CCRB La Roche-Blanche : La Gergovienne. 10 juin &#8211; Paris &#8211; Roubaix Cyclotourisme. 3 juin &#8211; randonn\u00e9e du Cyclo Loisirs C\u00f4tellois (Pouill\u00e9 [&hellip;]<\/p>\n","protected":false},"author":2,"featured_media":0,"comment_status":"open","ping_status":"open","sticky":false,"template":"","format":"standard","meta":{"saved_in_kubio":false,"ngg_post_thumbnail":0,"footnotes":""},"categories":[7,8,10],"tags":[],"class_list":["post-359","post","type-post","status-publish","format-standard","hentry","category-202-vtt","category-203-cyclo","category-204-invitations"],"_links":{"self":[{"href":"https:\/\/www.ccrb63.fr\/wp\/index.php?rest_route=\/wp\/v2\/posts\/359","targetHints":{"allow":["GET"]}}],"collection":[{"href":"https:\/\/www.ccrb63.fr\/wp\/index.php?rest_route=\/wp\/v2\/posts"}],"about":[{"href":"https:\/\/www.ccrb63.fr\/wp\/index.php?rest_route=\/wp\/v2\/types\/post"}],"author":[{"embeddable":true,"href":"https:\/\/www.ccrb63.fr\/wp\/index.php?rest_route=\/wp\/v2\/users\/2"}],"replies":[{"embeddable":true,"href":"https:\/\/www.ccrb63.fr\/wp\/index.php?rest_route=%2Fwp%2Fv2%2Fcomments&post=359"}],"version-history":[{"count":23,"href":"https:\/\/www.ccrb63.fr\/wp\/index.php?rest_route=\/wp\/v2\/posts\/359\/revisions"}],"predecessor-version":[{"id":615,"href":"https:\/\/www.ccrb63.fr\/wp\/index.php?rest_route=\/wp\/v2\/posts\/359\/revisions\/615"}],"wp:attachment":[{"href":"https:\/\/www.ccrb63.fr\/wp\/index.php?rest_route=%2Fwp%2Fv2%2Fmedia&parent=359"}],"wp:term":[{"taxonomy":"category","embeddable":true,"href":"https:\/\/www.ccrb63.fr\/wp\/index.php?rest_route=%2Fwp%2Fv2%2Fcategories&post=359"},{"taxonomy":"post_tag","embeddable":true,"href":"https:\/\/www.ccrb63.fr\/wp\/index.php?rest_route=%2Fwp%2Fv2%2Ftags&post=359"}],"curies":[{"name":"wp","href":"https:\/\/api.w.org\/{rel}","templated":true}]}}